{"id":958,"date":"2017-10-16T02:11:10","date_gmt":"2017-10-16T00:11:10","guid":{"rendered":"http:\/\/evileu.de\/oddballs\/?p=958"},"modified":"2017-10-16T02:11:10","modified_gmt":"2017-10-16T00:11:10","slug":"orchideen-auf-schwarzem-grund","status":"publish","type":"post","link":"https:\/\/evileu.de\/oddballs\/2017\/10\/16\/orchideen-auf-schwarzem-grund\/","title":{"rendered":"Orchideen auf schwarzem Grund"},"content":{"rendered":"<p>Ich liebe Blumen, in meinem Wintergarten steht immer ein bl\u00fchendes St\u00f6ckerl auf dem Tisch und erfreut mich bei jedem Blick nach draussen. Diesmal habe ich einen besonders h\u00fcbschen Chrysanthemen-Topf in drei\u00a0 strahlenden Farben draussen stehen: wei\u00df, zitronengelb und burgunderrot.<\/p>\n<figure id=\"attachment_959\" aria-describedby=\"caption-attachment-959\" style=\"width: 1200px\" class=\"wp-caption aligncenter\"><a href=\"http:\/\/evileu.de\/oddballs\/wp-content\/uploads\/2017\/10\/Chrysanthemen.jpg\"><img decoding=\"async\" loading=\"lazy\" class=\"size-full wp-image-959\" src=\"http:\/\/evileu.de\/oddballs\/wp-content\/uploads\/2017\/10\/Chrysanthemen.jpg\" alt=\"Chrysanthemen\" width=\"1200\" height=\"1600\" srcset=\"https:\/\/evileu.de\/oddballs\/wp-content\/uploads\/2017\/10\/Chrysanthemen.jpg 1200w, https:\/\/evileu.de\/oddballs\/wp-content\/uploads\/2017\/10\/Chrysanthemen-225x300.jpg 225w, https:\/\/evileu.de\/oddballs\/wp-content\/uploads\/2017\/10\/Chrysanthemen-768x1024.jpg 768w\" sizes=\"(max-width: 1200px) 100vw, 1200px\" \/><\/a><figcaption id=\"caption-attachment-959\" class=\"wp-caption-text\">Chrysanthemen<\/figcaption><\/figure>\n<p>Dann hat noch eine besonders sch\u00f6ne Einkaufstasche den Weg in meinen Wintergarten gefunden, hier bewahre ich Stricksachen auf. Das Blumenmotiv auf der Tasche hat ganz \u00e4hnliche Farben wie meine Chrysanthemen:<\/p>\n<figure id=\"attachment_960\" aria-describedby=\"caption-attachment-960\" style=\"width: 1600px\" class=\"wp-caption aligncenter\"><a href=\"http:\/\/evileu.de\/oddballs\/wp-content\/uploads\/2017\/10\/Einkaufstasche-mit-Orchideen.jpg\"><img decoding=\"async\" loading=\"lazy\" class=\"size-full wp-image-960\" src=\"http:\/\/evileu.de\/oddballs\/wp-content\/uploads\/2017\/10\/Einkaufstasche-mit-Orchideen.jpg\" alt=\"Einkaufstasche mit Orchideen\" width=\"1600\" height=\"1200\" srcset=\"https:\/\/evileu.de\/oddballs\/wp-content\/uploads\/2017\/10\/Einkaufstasche-mit-Orchideen.jpg 1600w, https:\/\/evileu.de\/oddballs\/wp-content\/uploads\/2017\/10\/Einkaufstasche-mit-Orchideen-300x225.jpg 300w, https:\/\/evileu.de\/oddballs\/wp-content\/uploads\/2017\/10\/Einkaufstasche-mit-Orchideen-768x576.jpg 768w, https:\/\/evileu.de\/oddballs\/wp-content\/uploads\/2017\/10\/Einkaufstasche-mit-Orchideen-1024x768.jpg 1024w\" sizes=\"(max-width: 1600px) 100vw, 1600px\" \/><\/a><figcaption id=\"caption-attachment-960\" class=\"wp-caption-text\">Einkaufstasche mit Orchideen<\/figcaption><\/figure>\n<p>Die Blumenfarben haben mich zu einem sehr bunten Strickzeug inspiriert, da sch\u00f6pfe ich mit den Farben mal so richtig aus dem Vollen. Damit es nicht zu krachert wird, kombiniere ich mit Schwarz.<\/p>\n<figure id=\"attachment_961\" aria-describedby=\"caption-attachment-961\" style=\"width: 1200px\" class=\"wp-caption aligncenter\"><a href=\"http:\/\/evileu.de\/oddballs\/wp-content\/uploads\/2017\/10\/Blumenweste.jpg\"><img decoding=\"async\" loading=\"lazy\" class=\"size-full wp-image-961\" src=\"http:\/\/evileu.de\/oddballs\/wp-content\/uploads\/2017\/10\/Blumenweste.jpg\" alt=\"Blumenweste\" width=\"1200\" height=\"1600\" srcset=\"https:\/\/evileu.de\/oddballs\/wp-content\/uploads\/2017\/10\/Blumenweste.jpg 1200w, https:\/\/evileu.de\/oddballs\/wp-content\/uploads\/2017\/10\/Blumenweste-225x300.jpg 225w, https:\/\/evileu.de\/oddballs\/wp-content\/uploads\/2017\/10\/Blumenweste-768x1024.jpg 768w\" sizes=\"(max-width: 1200px) 100vw, 1200px\" \/><\/a><figcaption id=\"caption-attachment-961\" class=\"wp-caption-text\">Blumenweste<\/figcaption><\/figure>\n<p>Gestrickt wird kraus rechts in Streifentechnik, das Material ist Sockenwolle doppelt genommen, mit einer 5er Nadel verarbeitet.\u00a0 Bisher bin ich auf f\u00fcnfzehn Farben, mal sehen ob es noch mehr werden!<\/p>\n","protected":false},"excerpt":{"rendered":"<p>Ich liebe Blumen, in meinem Wintergarten steht immer ein bl\u00fchendes St\u00f6ckerl auf dem Tisch und erfreut mich bei jedem Blick nach draussen. Diesmal habe ich einen besonders h\u00fcbschen Chrysanthemen-Topf in drei\u00a0 strahlenden Farben draussen stehen: wei\u00df, zitronengelb und burgunderrot. Dann hat noch eine besonders sch\u00f6ne Einkaufstasche den Weg in meinen Wintergarten gefunden, hier bewahre ich &hellip; <a href=\"https:\/\/evileu.de\/oddballs\/2017\/10\/16\/orchideen-auf-schwarzem-grund\/\" class=\"more-link\"><span class=\"screen-reader-text\">Orchideen auf schwarzem Grund<\/span> weiterlesen <span class=\"meta-nav\">&rarr;<\/span><\/a><\/p>\n","protected":false},"author":1,"featured_media":0,"comment_status":"open","ping_status":"open","sticky":false,"template":"","format":"standard","meta":[],"categories":[19,6,20],"tags":[],"_links":{"self":[{"href":"https:\/\/evileu.de\/oddballs\/wp-json\/wp\/v2\/posts\/958"}],"collection":[{"href":"https:\/\/evileu.de\/oddballs\/wp-json\/wp\/v2\/posts"}],"about":[{"href":"https:\/\/evileu.de\/oddballs\/wp-json\/wp\/v2\/types\/post"}],"author":[{"embeddable":true,"href":"https:\/\/evileu.de\/oddballs\/wp-json\/wp\/v2\/users\/1"}],"replies":[{"embeddable":true,"href":"https:\/\/evileu.de\/oddballs\/wp-json\/wp\/v2\/comments?post=958"}],"version-history":[{"count":1,"href":"https:\/\/evileu.de\/oddballs\/wp-json\/wp\/v2\/posts\/958\/revisions"}],"predecessor-version":[{"id":962,"href":"https:\/\/evileu.de\/oddballs\/wp-json\/wp\/v2\/posts\/958\/revisions\/962"}],"wp:attachment":[{"href":"https:\/\/evileu.de\/oddballs\/wp-json\/wp\/v2\/media?parent=958"}],"wp:term":[{"taxonomy":"category","embeddable":true,"href":"https:\/\/evileu.de\/oddballs\/wp-json\/wp\/v2\/categories?post=958"},{"taxonomy":"post_tag","embeddable":true,"href":"https:\/\/evileu.de\/oddballs\/wp-json\/wp\/v2\/tags?post=958"}],"curies":[{"name":"wp","href":"https:\/\/api.w.org\/{rel}","templated":true}]}}