{"id":618,"date":"2017-10-04T04:52:09","date_gmt":"2017-10-04T02:52:09","guid":{"rendered":"http:\/\/evileu.de\/aquarellmalerei\/?p=618"},"modified":"2017-10-04T04:52:09","modified_gmt":"2017-10-04T02:52:09","slug":"zugspitze-mit-erstem-schnee-3-12-2003","status":"publish","type":"post","link":"https:\/\/evileu.de\/aquarellmalerei\/2017\/10\/04\/zugspitze-mit-erstem-schnee-3-12-2003\/","title":{"rendered":"Zugspitze mit erstem Schnee 3.12.2003"},"content":{"rendered":"<p>\u00dcber \u00d6hnb\u00f6ck bei Egling ragt unverkennbar die Zugspitze auf, hier hat sie schon eine wei\u00dfe Haube vom ersten Schnee.<\/p>\n<figure id=\"attachment_619\" aria-describedby=\"caption-attachment-619\" style=\"width: 474px\" class=\"wp-caption alignnone\"><img decoding=\"async\" loading=\"lazy\" class=\"size-large wp-image-619\" src=\"http:\/\/evileu.de\/aquarellmalerei\/wp-content\/uploads\/2017\/10\/zugspitze_3_12_2003-1024x734.jpg\" alt=\"Zugspitze mit erstem Schnee\" width=\"474\" height=\"340\" srcset=\"https:\/\/evileu.de\/aquarellmalerei\/wp-content\/uploads\/2017\/10\/zugspitze_3_12_2003-1024x734.jpg 1024w, https:\/\/evileu.de\/aquarellmalerei\/wp-content\/uploads\/2017\/10\/zugspitze_3_12_2003-300x215.jpg 300w, https:\/\/evileu.de\/aquarellmalerei\/wp-content\/uploads\/2017\/10\/zugspitze_3_12_2003-768x551.jpg 768w, https:\/\/evileu.de\/aquarellmalerei\/wp-content\/uploads\/2017\/10\/zugspitze_3_12_2003.jpg 1506w\" sizes=\"(max-width: 474px) 100vw, 474px\" \/><figcaption id=\"caption-attachment-619\" class=\"wp-caption-text\">Zugspitze mit erstem Schnee<\/figcaption><\/figure>\n","protected":false},"excerpt":{"rendered":"<p>\u00dcber \u00d6hnb\u00f6ck bei Egling ragt unverkennbar die Zugspitze auf, hier hat sie schon eine wei\u00dfe Haube vom ersten Schnee.<\/p>\n","protected":false},"author":1,"featured_media":0,"comment_status":"open","ping_status":"open","sticky":false,"template":"","format":"standard","meta":[],"categories":[6,4],"tags":[],"_links":{"self":[{"href":"https:\/\/evileu.de\/aquarellmalerei\/wp-json\/wp\/v2\/posts\/618"}],"collection":[{"href":"https:\/\/evileu.de\/aquarellmalerei\/wp-json\/wp\/v2\/posts"}],"about":[{"href":"https:\/\/evileu.de\/aquarellmalerei\/wp-json\/wp\/v2\/types\/post"}],"author":[{"embeddable":true,"href":"https:\/\/evileu.de\/aquarellmalerei\/wp-json\/wp\/v2\/users\/1"}],"replies":[{"embeddable":true,"href":"https:\/\/evileu.de\/aquarellmalerei\/wp-json\/wp\/v2\/comments?post=618"}],"version-history":[{"count":1,"href":"https:\/\/evileu.de\/aquarellmalerei\/wp-json\/wp\/v2\/posts\/618\/revisions"}],"predecessor-version":[{"id":620,"href":"https:\/\/evileu.de\/aquarellmalerei\/wp-json\/wp\/v2\/posts\/618\/revisions\/620"}],"wp:attachment":[{"href":"https:\/\/evileu.de\/aquarellmalerei\/wp-json\/wp\/v2\/media?parent=618"}],"wp:term":[{"taxonomy":"category","embeddable":true,"href":"https:\/\/evileu.de\/aquarellmalerei\/wp-json\/wp\/v2\/categories?post=618"},{"taxonomy":"post_tag","embeddable":true,"href":"https:\/\/evileu.de\/aquarellmalerei\/wp-json\/wp\/v2\/tags?post=618"}],"curies":[{"name":"wp","href":"https:\/\/api.w.org\/{rel}","templated":true}]}}