{"id":249,"date":"2017-01-14T17:10:26","date_gmt":"2017-01-14T16:10:26","guid":{"rendered":"http:\/\/evileu.de\/aquarellmalerei\/?p=249"},"modified":"2017-08-28T13:45:58","modified_gmt":"2017-08-28T11:45:58","slug":"im-winter-schlafen-die-wassergeister","status":"publish","type":"post","link":"https:\/\/evileu.de\/aquarellmalerei\/2017\/01\/14\/im-winter-schlafen-die-wassergeister\/","title":{"rendered":"Im Winter schlafen die Wassergeister"},"content":{"rendered":"<p>Manchmal tauchen Landschaftsgeister in meinen Bildern auf, besonders wenn ich mal zwischendurch eine Pause eingelegt und ein bi\u00dfchen in der Sonne geschlafen habe. Und wenn sie schon so freundlich sind mich pers\u00f6nlich zu begr\u00fc\u00dfen, kommen sie auch mit ins Motiv! Diese beiden hier sind mir in St. Heinrich begegnet, mitten im tiefsten Winter, sie ruhen dort im Schilf unter den B\u00e4umen.<\/p>\n<figure id=\"attachment_250\" aria-describedby=\"caption-attachment-250\" style=\"width: 1342px\" class=\"wp-caption alignnone\"><img decoding=\"async\" loading=\"lazy\" class=\"wp-image-250 size-full\" src=\"http:\/\/evileu.de\/aquarellmalerei\/wp-content\/uploads\/2017\/01\/schlafende-wassergeister.jpg\" alt=\"schlafende wassergeister\" width=\"1342\" height=\"1020\" srcset=\"https:\/\/evileu.de\/aquarellmalerei\/wp-content\/uploads\/2017\/01\/schlafende-wassergeister.jpg 1342w, https:\/\/evileu.de\/aquarellmalerei\/wp-content\/uploads\/2017\/01\/schlafende-wassergeister-300x228.jpg 300w, https:\/\/evileu.de\/aquarellmalerei\/wp-content\/uploads\/2017\/01\/schlafende-wassergeister-768x584.jpg 768w, https:\/\/evileu.de\/aquarellmalerei\/wp-content\/uploads\/2017\/01\/schlafende-wassergeister-1024x778.jpg 1024w\" sizes=\"(max-width: 1342px) 100vw, 1342px\" \/><figcaption id=\"caption-attachment-250\" class=\"wp-caption-text\">schlafende wassergeister<\/figcaption><\/figure>\n","protected":false},"excerpt":{"rendered":"<p>Manchmal tauchen Landschaftsgeister in meinen Bildern auf, besonders wenn ich mal zwischendurch eine Pause eingelegt und ein bi\u00dfchen in der Sonne geschlafen habe. Und wenn sie schon so freundlich sind mich pers\u00f6nlich zu begr\u00fc\u00dfen, kommen sie auch mit ins Motiv! Diese beiden hier sind mir in St. Heinrich begegnet, mitten im tiefsten Winter, sie ruhen &hellip; <a href=\"https:\/\/evileu.de\/aquarellmalerei\/2017\/01\/14\/im-winter-schlafen-die-wassergeister\/\" class=\"more-link\"><span class=\"screen-reader-text\">Im Winter schlafen die Wassergeister<\/span> weiterlesen <span class=\"meta-nav\">&rarr;<\/span><\/a><\/p>\n","protected":false},"author":1,"featured_media":0,"comment_status":"open","ping_status":"open","sticky":false,"template":"","format":"standard","meta":[],"categories":[14,5,4],"tags":[30,22,27,29,23,26,19,28,24,25],"_links":{"self":[{"href":"https:\/\/evileu.de\/aquarellmalerei\/wp-json\/wp\/v2\/posts\/249"}],"collection":[{"href":"https:\/\/evileu.de\/aquarellmalerei\/wp-json\/wp\/v2\/posts"}],"about":[{"href":"https:\/\/evileu.de\/aquarellmalerei\/wp-json\/wp\/v2\/types\/post"}],"author":[{"embeddable":true,"href":"https:\/\/evileu.de\/aquarellmalerei\/wp-json\/wp\/v2\/users\/1"}],"replies":[{"embeddable":true,"href":"https:\/\/evileu.de\/aquarellmalerei\/wp-json\/wp\/v2\/comments?post=249"}],"version-history":[{"count":2,"href":"https:\/\/evileu.de\/aquarellmalerei\/wp-json\/wp\/v2\/posts\/249\/revisions"}],"predecessor-version":[{"id":352,"href":"https:\/\/evileu.de\/aquarellmalerei\/wp-json\/wp\/v2\/posts\/249\/revisions\/352"}],"wp:attachment":[{"href":"https:\/\/evileu.de\/aquarellmalerei\/wp-json\/wp\/v2\/media?parent=249"}],"wp:term":[{"taxonomy":"category","embeddable":true,"href":"https:\/\/evileu.de\/aquarellmalerei\/wp-json\/wp\/v2\/categories?post=249"},{"taxonomy":"post_tag","embeddable":true,"href":"https:\/\/evileu.de\/aquarellmalerei\/wp-json\/wp\/v2\/tags?post=249"}],"curies":[{"name":"wp","href":"https:\/\/api.w.org\/{rel}","templated":true}]}}